{"id":101422,"date":"2022-12-11T23:53:50","date_gmt":"2022-12-11T22:53:50","guid":{"rendered":"https:\/\/jacquespary.com\/?p=101422"},"modified":"2022-12-12T00:15:04","modified_gmt":"2022-12-11T23:15:04","slug":"101422","status":"publish","type":"post","link":"https:\/\/jacquespary.com\/en\/society\/101422\/","title":{"rendered":"The Industry Fresco at Bercy. Successful !"},"content":{"rendered":"<p>Centre des Congr\u00e8s du Minist\u00e8re de l&#8217;\u00c9conomie &#8211; Bercy makes its industry.<\/p>\n<p>As the coordinator of Industry Week, the DGE is bringing together a representative panel of companies, associations and training organisations for one day.<\/p>\n<p>A thousand young people will be on hand to discover technologies, machines, guidance and career opportunities.<\/p>\n<p>The morning has barely begun and three ministers are already there. Bruno Lemaire, Pap Ndiaye, Roland Lescure, in the middle of an effervescent cloud of high school students. The Minister Delegate in charge of Industry will spend the day talking with the exhibitors, the young people and their teachers, showing enthusiasm and curiosity. And throughout this event, the Fresco, which I designed with Safa Bacha and Beno\u00eet Gauthier, will confirm its formidable educational potential. Professionals, young people, teachers, and even the Minister, who carefully examined it, all agreed on this highly visual and structured cartography: it is a remarkable tool for understanding! The well thought-out distribution of sectors and the impactful icons give a 360\u00b0 vision of an industrial world that is essential to society and open to all talents.<\/p>\n<h6>\u00a0\u00a0\u00a0\u00a0\u00a0\u00a0\u00a0\u00a0\u00a0\u00a0\u00a0\u00a0\u00a0\u00a0\u00a0\u00a0\u00a0\u00a0\u00a0\u00a0\u00a0\u00a0\u00a0\u00a0\u00a0\u00a0\u00a0\u00a0\u00a0\u00a0\u00a0\u00a0\u00a0\u00a0\u00a0 \u00a0 \u00a0 \u00a0 \u00a0\u00a0 <img decoding=\"async\" class=\"alignnone size-medium wp-image-101417\" src=\"https:\/\/jacquespary.com\/wp-content\/uploads\/2022\/12\/1-300x300.png\" alt=\"\" width=\"300\" height=\"300\" srcset=\"https:\/\/jacquespary.com\/wp-content\/uploads\/2022\/12\/1-300x300.png 300w, https:\/\/jacquespary.com\/wp-content\/uploads\/2022\/12\/1-1024x1024.png 1024w, https:\/\/jacquespary.com\/wp-content\/uploads\/2022\/12\/1-150x150.png 150w, https:\/\/jacquespary.com\/wp-content\/uploads\/2022\/12\/1-768x768.png 768w, https:\/\/jacquespary.com\/wp-content\/uploads\/2022\/12\/1.png 1080w\" sizes=\"(max-width: 300px) 100vw, 300px\" \/> <em>With M. Roland Lescure, Minister Delegate in charge of Industry<\/em><\/h6>\n<p>To extend the success of these meetings, I am starting a tour of student presentations in December and webinars are being prepared. Whatever you do, always start by saying to yourself: it is possible.<\/p>\n","protected":false},"excerpt":{"rendered":"<p>Centre des Congr\u00e8s du Minist\u00e8re de l&#8217;\u00c9conomie &#8211; Bercy makes its industry. As the coordinator of Industry Week, the DGE [&hellip;]<\/p>\n","protected":false},"author":2,"featured_media":101415,"comment_status":"closed","ping_status":"closed","sticky":false,"template":"","format":"standard","meta":{"footnotes":""},"categories":[100,98],"tags":[],"class_list":["post-101422","post","type-post","status-publish","format-standard","has-post-thumbnail","hentry","category-event","category-society"],"yoast_head":"<!-- This site is optimized with the Yoast SEO plugin v26.8 - https:\/\/yoast.com\/product\/yoast-seo-wordpress\/ -->\n<title>The Industry Fresco at Bercy. Successful ! - Jacques Pary<\/title>\n<meta name=\"description\" content=\"The Minister Roland Lescure and the DGE are organising a day for the general public &quot;Bercy fait son Industrie&quot;. Among the exhibitors, the Fresque de l&#039;Industrie!\" \/>\n<meta name=\"robots\" content=\"index, follow, max-snippet:-1, max-image-preview:large, max-video-preview:-1\" \/>\n<link rel=\"canonical\" href=\"https:\/\/jacquespary.com\/en\/society\/101422\/\" \/>\n<meta property=\"og:locale\" content=\"en_US\" \/>\n<meta property=\"og:type\" content=\"article\" \/>\n<meta property=\"og:title\" content=\"The Industry Fresco at Bercy. Successful ! - Jacques Pary\" \/>\n<meta property=\"og:description\" content=\"The Minister Roland Lescure and the DGE are organising a day for the general public &quot;Bercy fait son Industrie&quot;. Among the exhibitors, the Fresque de l&#039;Industrie!\" \/>\n<meta property=\"og:url\" content=\"https:\/\/jacquespary.com\/en\/society\/101422\/\" \/>\n<meta property=\"og:site_name\" content=\"Jacques Pary\" \/>\n<meta property=\"article:publisher\" content=\"https:\/\/www.facebook.com\/pary.jacques\" \/>\n<meta property=\"article:author\" content=\"https:\/\/www.facebook.com\/pary.jacques\" \/>\n<meta property=\"article:published_time\" content=\"2022-12-11T22:53:50+00:00\" \/>\n<meta property=\"article:modified_time\" content=\"2022-12-11T23:15:04+00:00\" \/>\n<meta property=\"og:image\" content=\"https:\/\/jacquespary.com\/wp-content\/uploads\/2022\/12\/IMG_2059.jpg\" \/>\n\t<meta property=\"og:image:width\" content=\"2048\" \/>\n\t<meta property=\"og:image:height\" content=\"1222\" \/>\n\t<meta property=\"og:image:type\" content=\"image\/jpeg\" \/>\n<meta name=\"author\" content=\"Jacques Pary\" \/>\n<meta name=\"twitter:card\" content=\"summary_large_image\" \/>\n<meta name=\"twitter:creator\" content=\"@https:\/\/twitter.com\/jacpary\" \/>\n<meta name=\"twitter:site\" content=\"@jacpary\" \/>\n<meta name=\"twitter:label1\" content=\"Written by\" \/>\n\t<meta name=\"twitter:data1\" content=\"Jacques Pary\" \/>\n\t<meta name=\"twitter:label2\" content=\"Est. reading time\" \/>\n\t<meta name=\"twitter:data2\" content=\"1 minute\" \/>\n<script type=\"application\/ld+json\" class=\"yoast-schema-graph\">{\"@context\":\"https:\/\/schema.org\",\"@graph\":[{\"@type\":\"Article\",\"@id\":\"https:\/\/jacquespary.com\/en\/society\/101422\/#article\",\"isPartOf\":{\"@id\":\"https:\/\/jacquespary.com\/en\/society\/101422\/\"},\"author\":{\"name\":\"Jacques Pary\",\"@id\":\"https:\/\/jacquespary.com\/en\/#\/schema\/person\/6da591be9fd52d0583161a52d08f6b0f\"},\"headline\":\"The Industry Fresco at Bercy. Successful !\",\"datePublished\":\"2022-12-11T22:53:50+00:00\",\"dateModified\":\"2022-12-11T23:15:04+00:00\",\"mainEntityOfPage\":{\"@id\":\"https:\/\/jacquespary.com\/en\/society\/101422\/\"},\"wordCount\":234,\"publisher\":{\"@id\":\"https:\/\/jacquespary.com\/en\/#\/schema\/person\/6da591be9fd52d0583161a52d08f6b0f\"},\"image\":{\"@id\":\"https:\/\/jacquespary.com\/en\/society\/101422\/#primaryimage\"},\"thumbnailUrl\":\"https:\/\/jacquespary.com\/wp-content\/uploads\/2022\/12\/IMG_2059.jpg\",\"articleSection\":[\"Event\",\"Society\"],\"inLanguage\":\"en-US\"},{\"@type\":\"WebPage\",\"@id\":\"https:\/\/jacquespary.com\/en\/society\/101422\/\",\"url\":\"https:\/\/jacquespary.com\/en\/society\/101422\/\",\"name\":\"The Industry Fresco at Bercy. Successful ! - Jacques Pary\",\"isPartOf\":{\"@id\":\"https:\/\/jacquespary.com\/en\/#website\"},\"primaryImageOfPage\":{\"@id\":\"https:\/\/jacquespary.com\/en\/society\/101422\/#primaryimage\"},\"image\":{\"@id\":\"https:\/\/jacquespary.com\/en\/society\/101422\/#primaryimage\"},\"thumbnailUrl\":\"https:\/\/jacquespary.com\/wp-content\/uploads\/2022\/12\/IMG_2059.jpg\",\"datePublished\":\"2022-12-11T22:53:50+00:00\",\"dateModified\":\"2022-12-11T23:15:04+00:00\",\"description\":\"The Minister Roland Lescure and the DGE are organising a day for the general public \\\"Bercy fait son Industrie\\\". Among the exhibitors, the Fresque de l'Industrie!\",\"breadcrumb\":{\"@id\":\"https:\/\/jacquespary.com\/en\/society\/101422\/#breadcrumb\"},\"inLanguage\":\"en-US\",\"potentialAction\":[{\"@type\":\"ReadAction\",\"target\":[\"https:\/\/jacquespary.com\/en\/society\/101422\/\"]}]},{\"@type\":\"ImageObject\",\"inLanguage\":\"en-US\",\"@id\":\"https:\/\/jacquespary.com\/en\/society\/101422\/#primaryimage\",\"url\":\"https:\/\/jacquespary.com\/wp-content\/uploads\/2022\/12\/IMG_2059.jpg\",\"contentUrl\":\"https:\/\/jacquespary.com\/wp-content\/uploads\/2022\/12\/IMG_2059.jpg\",\"width\":2048,\"height\":1222},{\"@type\":\"BreadcrumbList\",\"@id\":\"https:\/\/jacquespary.com\/en\/society\/101422\/#breadcrumb\",\"itemListElement\":[{\"@type\":\"ListItem\",\"position\":1,\"name\":\"Accueil\",\"item\":\"https:\/\/jacquespary.com\/en\/\"},{\"@type\":\"ListItem\",\"position\":2,\"name\":\"The Industry Fresco at Bercy. Successful !\"}]},{\"@type\":\"WebSite\",\"@id\":\"https:\/\/jacquespary.com\/en\/#website\",\"url\":\"https:\/\/jacquespary.com\/en\/\",\"name\":\"Jacques Pary\",\"description\":\"Animateur sp\u00e9cialiste de l&#039;animation\",\"publisher\":{\"@id\":\"https:\/\/jacquespary.com\/en\/#\/schema\/person\/6da591be9fd52d0583161a52d08f6b0f\"},\"potentialAction\":[{\"@type\":\"SearchAction\",\"target\":{\"@type\":\"EntryPoint\",\"urlTemplate\":\"https:\/\/jacquespary.com\/en\/?s={search_term_string}\"},\"query-input\":{\"@type\":\"PropertyValueSpecification\",\"valueRequired\":true,\"valueName\":\"search_term_string\"}}],\"inLanguage\":\"en-US\"},{\"@type\":[\"Person\",\"Organization\"],\"@id\":\"https:\/\/jacquespary.com\/en\/#\/schema\/person\/6da591be9fd52d0583161a52d08f6b0f\",\"name\":\"Jacques Pary\",\"image\":{\"@type\":\"ImageObject\",\"inLanguage\":\"en-US\",\"@id\":\"https:\/\/jacquespary.com\/en\/#\/schema\/person\/image\/\",\"url\":\"https:\/\/secure.gravatar.com\/avatar\/eb27c0ead85cf193e911ace48c1f56f225840165a9f7685f9d44df24d9be008b?s=96&d=mm&r=g\",\"contentUrl\":\"https:\/\/secure.gravatar.com\/avatar\/eb27c0ead85cf193e911ace48c1f56f225840165a9f7685f9d44df24d9be008b?s=96&d=mm&r=g\",\"caption\":\"Jacques Pary\"},\"logo\":{\"@id\":\"https:\/\/jacquespary.com\/en\/#\/schema\/person\/image\/\"},\"sameAs\":[\"https:\/\/www.facebook.com\/pary.jacques\",\"https:\/\/www.linkedin.com\/profile\/view?id=12553483&trk=spm_pic\",\"https:\/\/za.pinterest.com\/jacquespary\/\",\"https:\/\/x.com\/https:\/\/twitter.com\/jacpary\"]}]}<\/script>\n<!-- \/ Yoast SEO plugin. -->","yoast_head_json":{"title":"The Industry Fresco at Bercy. Successful ! - Jacques Pary","description":"The Minister Roland Lescure and the DGE are organising a day for the general public \"Bercy fait son Industrie\". Among the exhibitors, the Fresque de l'Industrie!","robots":{"index":"index","follow":"follow","max-snippet":"max-snippet:-1","max-image-preview":"max-image-preview:large","max-video-preview":"max-video-preview:-1"},"canonical":"https:\/\/jacquespary.com\/en\/society\/101422\/","og_locale":"en_US","og_type":"article","og_title":"The Industry Fresco at Bercy. Successful ! - Jacques Pary","og_description":"The Minister Roland Lescure and the DGE are organising a day for the general public \"Bercy fait son Industrie\". Among the exhibitors, the Fresque de l'Industrie!","og_url":"https:\/\/jacquespary.com\/en\/society\/101422\/","og_site_name":"Jacques Pary","article_publisher":"https:\/\/www.facebook.com\/pary.jacques","article_author":"https:\/\/www.facebook.com\/pary.jacques","article_published_time":"2022-12-11T22:53:50+00:00","article_modified_time":"2022-12-11T23:15:04+00:00","og_image":[{"width":2048,"height":1222,"url":"https:\/\/jacquespary.com\/wp-content\/uploads\/2022\/12\/IMG_2059.jpg","type":"image\/jpeg"}],"author":"Jacques Pary","twitter_card":"summary_large_image","twitter_creator":"@https:\/\/twitter.com\/jacpary","twitter_site":"@jacpary","twitter_misc":{"Written by":"Jacques Pary","Est. reading time":"1 minute"},"schema":{"@context":"https:\/\/schema.org","@graph":[{"@type":"Article","@id":"https:\/\/jacquespary.com\/en\/society\/101422\/#article","isPartOf":{"@id":"https:\/\/jacquespary.com\/en\/society\/101422\/"},"author":{"name":"Jacques Pary","@id":"https:\/\/jacquespary.com\/en\/#\/schema\/person\/6da591be9fd52d0583161a52d08f6b0f"},"headline":"The Industry Fresco at Bercy. Successful !","datePublished":"2022-12-11T22:53:50+00:00","dateModified":"2022-12-11T23:15:04+00:00","mainEntityOfPage":{"@id":"https:\/\/jacquespary.com\/en\/society\/101422\/"},"wordCount":234,"publisher":{"@id":"https:\/\/jacquespary.com\/en\/#\/schema\/person\/6da591be9fd52d0583161a52d08f6b0f"},"image":{"@id":"https:\/\/jacquespary.com\/en\/society\/101422\/#primaryimage"},"thumbnailUrl":"https:\/\/jacquespary.com\/wp-content\/uploads\/2022\/12\/IMG_2059.jpg","articleSection":["Event","Society"],"inLanguage":"en-US"},{"@type":"WebPage","@id":"https:\/\/jacquespary.com\/en\/society\/101422\/","url":"https:\/\/jacquespary.com\/en\/society\/101422\/","name":"The Industry Fresco at Bercy. Successful ! - Jacques Pary","isPartOf":{"@id":"https:\/\/jacquespary.com\/en\/#website"},"primaryImageOfPage":{"@id":"https:\/\/jacquespary.com\/en\/society\/101422\/#primaryimage"},"image":{"@id":"https:\/\/jacquespary.com\/en\/society\/101422\/#primaryimage"},"thumbnailUrl":"https:\/\/jacquespary.com\/wp-content\/uploads\/2022\/12\/IMG_2059.jpg","datePublished":"2022-12-11T22:53:50+00:00","dateModified":"2022-12-11T23:15:04+00:00","description":"The Minister Roland Lescure and the DGE are organising a day for the general public \"Bercy fait son Industrie\". Among the exhibitors, the Fresque de l'Industrie!","breadcrumb":{"@id":"https:\/\/jacquespary.com\/en\/society\/101422\/#breadcrumb"},"inLanguage":"en-US","potentialAction":[{"@type":"ReadAction","target":["https:\/\/jacquespary.com\/en\/society\/101422\/"]}]},{"@type":"ImageObject","inLanguage":"en-US","@id":"https:\/\/jacquespary.com\/en\/society\/101422\/#primaryimage","url":"https:\/\/jacquespary.com\/wp-content\/uploads\/2022\/12\/IMG_2059.jpg","contentUrl":"https:\/\/jacquespary.com\/wp-content\/uploads\/2022\/12\/IMG_2059.jpg","width":2048,"height":1222},{"@type":"BreadcrumbList","@id":"https:\/\/jacquespary.com\/en\/society\/101422\/#breadcrumb","itemListElement":[{"@type":"ListItem","position":1,"name":"Accueil","item":"https:\/\/jacquespary.com\/en\/"},{"@type":"ListItem","position":2,"name":"The Industry Fresco at Bercy. Successful !"}]},{"@type":"WebSite","@id":"https:\/\/jacquespary.com\/en\/#website","url":"https:\/\/jacquespary.com\/en\/","name":"Jacques Pary","description":"Animateur sp\u00e9cialiste de l&#039;animation","publisher":{"@id":"https:\/\/jacquespary.com\/en\/#\/schema\/person\/6da591be9fd52d0583161a52d08f6b0f"},"potentialAction":[{"@type":"SearchAction","target":{"@type":"EntryPoint","urlTemplate":"https:\/\/jacquespary.com\/en\/?s={search_term_string}"},"query-input":{"@type":"PropertyValueSpecification","valueRequired":true,"valueName":"search_term_string"}}],"inLanguage":"en-US"},{"@type":["Person","Organization"],"@id":"https:\/\/jacquespary.com\/en\/#\/schema\/person\/6da591be9fd52d0583161a52d08f6b0f","name":"Jacques Pary","image":{"@type":"ImageObject","inLanguage":"en-US","@id":"https:\/\/jacquespary.com\/en\/#\/schema\/person\/image\/","url":"https:\/\/secure.gravatar.com\/avatar\/eb27c0ead85cf193e911ace48c1f56f225840165a9f7685f9d44df24d9be008b?s=96&d=mm&r=g","contentUrl":"https:\/\/secure.gravatar.com\/avatar\/eb27c0ead85cf193e911ace48c1f56f225840165a9f7685f9d44df24d9be008b?s=96&d=mm&r=g","caption":"Jacques Pary"},"logo":{"@id":"https:\/\/jacquespary.com\/en\/#\/schema\/person\/image\/"},"sameAs":["https:\/\/www.facebook.com\/pary.jacques","https:\/\/www.linkedin.com\/profile\/view?id=12553483&trk=spm_pic","https:\/\/za.pinterest.com\/jacquespary\/","https:\/\/x.com\/https:\/\/twitter.com\/jacpary"]}]}},"_links":{"self":[{"href":"https:\/\/jacquespary.com\/en\/wp-json\/wp\/v2\/posts\/101422","targetHints":{"allow":["GET"]}}],"collection":[{"href":"https:\/\/jacquespary.com\/en\/wp-json\/wp\/v2\/posts"}],"about":[{"href":"https:\/\/jacquespary.com\/en\/wp-json\/wp\/v2\/types\/post"}],"author":[{"embeddable":true,"href":"https:\/\/jacquespary.com\/en\/wp-json\/wp\/v2\/users\/2"}],"replies":[{"embeddable":true,"href":"https:\/\/jacquespary.com\/en\/wp-json\/wp\/v2\/comments?post=101422"}],"version-history":[{"count":2,"href":"https:\/\/jacquespary.com\/en\/wp-json\/wp\/v2\/posts\/101422\/revisions"}],"predecessor-version":[{"id":101424,"href":"https:\/\/jacquespary.com\/en\/wp-json\/wp\/v2\/posts\/101422\/revisions\/101424"}],"wp:featuredmedia":[{"embeddable":true,"href":"https:\/\/jacquespary.com\/en\/wp-json\/wp\/v2\/media\/101415"}],"wp:attachment":[{"href":"https:\/\/jacquespary.com\/en\/wp-json\/wp\/v2\/media?parent=101422"}],"wp:term":[{"taxonomy":"category","embeddable":true,"href":"https:\/\/jacquespary.com\/en\/wp-json\/wp\/v2\/categories?post=101422"},{"taxonomy":"post_tag","embeddable":true,"href":"https:\/\/jacquespary.com\/en\/wp-json\/wp\/v2\/tags?post=101422"}],"curies":[{"name":"wp","href":"https:\/\/api.w.org\/{rel}","templated":true}]}}